{"id":100948,"date":"2023-09-19T17:20:37","date_gmt":"2023-09-19T20:20:37","guid":{"rendered":"https:\/\/blogdoedvaldomagalhaes.com.br\/?p=100948"},"modified":"2023-09-19T17:20:38","modified_gmt":"2023-09-19T20:20:38","slug":"caravana-da-ouvidoria-itinerante-estara-na-feira-do-bairro-sao-francisco-nesta-sexta-feira-22","status":"publish","type":"post","link":"https:\/\/blogdoedvaldomagalhaes.com.br\/index.php\/2023\/09\/19\/caravana-da-ouvidoria-itinerante-estara-na-feira-do-bairro-sao-francisco-nesta-sexta-feira-22\/","title":{"rendered":"Caravana da Ouvidoria Itinerante estar\u00e1 na Feira do bairro S\u00e3o Francisco nesta sexta-feira (22)"},"content":{"rendered":"<p style=\"text-align: justify;\"><span style=\"color: initial; font-size: revert;\">A feira livre do bairro S\u00e3o Francisco ir\u00e1 receber, nesta sexta-feira (22), a Caravana da Ouvidoria Itinerante para realizar abordagens educativas e participa\u00e7\u00e3o cidad\u00e3 no que diz respeito a gest\u00e3o municipal.<\/span><\/p>\n<p style=\"text-align: justify;\">A a\u00e7\u00e3o acontecer\u00e1 das 8h \u00e0s 11h e ir\u00e1 ouvir as demandas da popula\u00e7\u00e3o, registrar e buscar resolutividades nos servi\u00e7os prestados pelo munic\u00edpio.<\/p>\n<p style=\"text-align: justify;\">&#8220;Queremos propagar ainda mais o trabalho feito pela Ouvidoria-Geral de Caruaru, para divulgar os nossos canais de atendimento e fomentar o controle social realizado pela popula\u00e7\u00e3o, por meio das manifesta\u00e7\u00f5es de ouvidoria, para aprimorar os servi\u00e7os prestados pelo munic\u00edpio&#8221;, disse a ouvidora-geral de Caruaru, Ana Carolina Barros.<\/p>\n<p style=\"text-align: justify;\">*Ouvidoria-Geral do Munic\u00edpio* &#8211; A Ouvidoria, vinculada a Controladoria-Geral de Caruaru, \u00e9 um servi\u00e7o totalmente gratuito e atua como canal de troca de informa\u00e7\u00f5es entre a prefeitura e a popula\u00e7\u00e3o. Atrav\u00e9s dela, os interessados podem realizar suas manifesta\u00e7\u00f5es, sendo den\u00fancias, reclama\u00e7\u00f5es, sugest\u00f5es e elogios referentes aos servi\u00e7os municipais.<\/p>\n<p style=\"text-align: justify;\">A Ouvidoria-Geral de Caruaru disp\u00f5e dos seguintes canais de atendimento para o p\u00fablico: o site: caruaru.pe.gov.br\/ouvidoria; os telefones: 156 e 98384-4009 (Whatsapp \u2013 somente mensagens), al\u00e9m do atendimento presencial, de segunda a sexta-feira, sempre das 8h \u00e0s 14h, no o Centro Administrativo I, na rua professor Lourival Vilanova, 118, no bairro Universit\u00e1rio. Foto: Divulga\u00e7\u00e3o.<\/p>\n<p style=\"text-align: justify;\">Siga o Instagram do Blog @blogdoedvaldomagalhaes<\/p>\n<p style=\"text-align: justify;\">Se inscreva no canal do Blog no You Tube<\/p>\n","protected":false},"excerpt":{"rendered":"<p>A feira livre do bairro S\u00e3o Francisco ir\u00e1 receber, nesta sexta-feira (22), a Caravana da Ouvidoria Itinerante para realizar abordagens&hellip;<\/p>\n","protected":false},"author":1,"featured_media":100949,"comment_status":"closed","ping_status":"open","sticky":false,"template":"","format":"standard","meta":{"footnotes":""},"categories":[14120],"tags":[2,19532,28591,3406],"class_list":["post-100948","post","type-post","status-publish","format-standard","has-post-thumbnail","hentry","category-noticias","tag-blog-do-edvaldo-magalhaes","tag-blog-mais-acessado-e-visualizado-de-caruaru-e-regiao","tag-caravana-da-ouvidoria-itinerante-estara-na-feira-do-bairro-sao-francisco-nesta-sexta-feira-22","tag-caruaru"],"_links":{"self":[{"href":"https:\/\/blogdoedvaldomagalhaes.com.br\/index.php\/wp-json\/wp\/v2\/posts\/100948","targetHints":{"allow":["GET"]}}],"collection":[{"href":"https:\/\/blogdoedvaldomagalhaes.com.br\/index.php\/wp-json\/wp\/v2\/posts"}],"about":[{"href":"https:\/\/blogdoedvaldomagalhaes.com.br\/index.php\/wp-json\/wp\/v2\/types\/post"}],"author":[{"embeddable":true,"href":"https:\/\/blogdoedvaldomagalhaes.com.br\/index.php\/wp-json\/wp\/v2\/users\/1"}],"replies":[{"embeddable":true,"href":"https:\/\/blogdoedvaldomagalhaes.com.br\/index.php\/wp-json\/wp\/v2\/comments?post=100948"}],"version-history":[{"count":1,"href":"https:\/\/blogdoedvaldomagalhaes.com.br\/index.php\/wp-json\/wp\/v2\/posts\/100948\/revisions"}],"predecessor-version":[{"id":100950,"href":"https:\/\/blogdoedvaldomagalhaes.com.br\/index.php\/wp-json\/wp\/v2\/posts\/100948\/revisions\/100950"}],"wp:featuredmedia":[{"embeddable":true,"href":"https:\/\/blogdoedvaldomagalhaes.com.br\/index.php\/wp-json\/wp\/v2\/media\/100949"}],"wp:attachment":[{"href":"https:\/\/blogdoedvaldomagalhaes.com.br\/index.php\/wp-json\/wp\/v2\/media?parent=100948"}],"wp:term":[{"taxonomy":"category","embeddable":true,"href":"https:\/\/blogdoedvaldomagalhaes.com.br\/index.php\/wp-json\/wp\/v2\/categories?post=100948"},{"taxonomy":"post_tag","embeddable":true,"href":"https:\/\/blogdoedvaldomagalhaes.com.br\/index.php\/wp-json\/wp\/v2\/tags?post=100948"}],"curies":[{"name":"wp","href":"https:\/\/api.w.org\/{rel}","templated":true}]}}