{"id":100938,"date":"2023-09-19T16:32:11","date_gmt":"2023-09-19T19:32:11","guid":{"rendered":"https:\/\/blogdoedvaldomagalhaes.com.br\/?p=100938"},"modified":"2023-09-19T16:32:12","modified_gmt":"2023-09-19T19:32:12","slug":"jogos-escolares-e-universitarios-de-caruaru-tem-a-inclusao-de-modalidades-paralimpicas","status":"publish","type":"post","link":"https:\/\/blogdoedvaldomagalhaes.com.br\/index.php\/2023\/09\/19\/jogos-escolares-e-universitarios-de-caruaru-tem-a-inclusao-de-modalidades-paralimpicas\/","title":{"rendered":"Jogos Escolares e Universit\u00e1rios de Caruaru tem a inclus\u00e3o de modalidades paral\u00edmpicas"},"content":{"rendered":"<p style=\"text-align: justify;\"><span style=\"color: initial; font-size: revert;\">A quadra do Gin\u00e1sio Municipal Professor Erlandsen Rodrigues da Silva estava lotada, nessa segunda-feira (18), para prestigiar a abertura dos XXI Jogos Escolares Municipais de Caruaru (JEMC 2023) e IX Jogos Universit\u00e1rios de Caruaru (JUC\u2019s) 2023.<\/span><\/p>\n<p style=\"text-align: justify;\">&#8220;Que orgulho danado em presenciar esta quadra lotada, nesta que \u00e9 a maior abertura dos jogos de todos os tempos&#8221;, comemorou o prefeito de Caruaru, Rodrigo<br \/>Pinheiro.<\/p>\n<p style=\"text-align: justify;\">Os XXI Jogos Escolares Municipais de Caruaru (JEMC 2023) visa fortalecer os princ\u00edpios que norteiam o esporte escolar, proporcionando \u00e0s escolas envolvidas um momento de competi\u00e7\u00e3o e de integra\u00e7\u00e3o social entre alunos, professores e comunidade, buscando tamb\u00e9m incentivar \u00e0 pr\u00e1tica esportiva. &#8220;Nos jogos escolares oportunizamos o surgimento de novos talentos que poder\u00e3o representar o nosso munic\u00edpio, o nosso estado e o nosso pa\u00eds em outras competi\u00e7\u00f5es&#8221;, disse o consultor<br \/>t\u00e9cnico da Prefeitura de Caruaru, Adson Leonel.<\/p>\n<p style=\"text-align: justify;\">J\u00e1 os IX Jogos Universit\u00e1rios de Caruaru (JUC\u2019s) tem por finalidade aumentar a participa\u00e7\u00e3o em atividades esportivas em todas as institui\u00e7\u00f5es de Ensino Superior (IES) p\u00fablicas e privadas do munic\u00edpio de Caruaru e promover a ampla mobiliza\u00e7\u00e3o da juventude universit\u00e1ria caruaruense em torno do esporte.<\/p>\n<p style=\"text-align: justify;\">O evento dessa segunda-feira contou com a entrada das delega\u00e7\u00f5es, hasteamento das bandeiras, juramento dos atletas, acendimento da Pira Ol\u00edmpica e uma apresenta\u00e7\u00e3o cultural do maestro Mozart Vieira e a Orquestra dos Meninos e Meninas de S\u00e3o Caetano.<\/p>\n<p style=\"text-align: justify;\">S\u00e3o 5.977 estudantes, de 83 institui\u00e7\u00f5es que estar\u00e3o competindo em 14 modalidades durante 30 dias. A novidade deste ano \u00e9 a inclus\u00e3o de atletas paral\u00edmpicos. Eles estar\u00e3o competindo no Atletismo.<\/p>\n<p style=\"text-align: justify;\">&#8220;Estou muito feliz pela realiza\u00e7\u00e3o de mais uma abertura de jogos, bastante prestigiada, mais uma s\u00e9rie de competi\u00e7\u00f5es esportivas para os nossos estudantes-atletas e tamb\u00e9m os universit\u00e1rios. Esporte \u00e9 sa\u00fade, \u00e9 vida e essa experi\u00eancia pode, inclusive, descobrir novos talentos para o esporte&#8221;, disse a secret\u00e1ria de Educa\u00e7\u00e3o e Esportes de Caruaru (Seduc), Aline Tib\u00farcio.<\/p>\n<p style=\"text-align: justify;\">Siga o Instagram do Blog para comentar @blogdoedvaldomagalhaes<\/p>\n<p style=\"text-align: justify;\">Se inscreva no canal do Blog no You Tube\u00a0<\/p>\n\n\n<figure class=\"wp-block-image size-full\"><img loading=\"lazy\" decoding=\"async\" width=\"799\" height=\"534\" src=\"https:\/\/blogdoedvaldomagalhaes.com.br\/wp-content\/uploads\/2023\/09\/IMG-20230919-WA0062.jpg\" alt=\"\" class=\"wp-image-100939\" srcset=\"https:\/\/blogdoedvaldomagalhaes.com.br\/wp-content\/uploads\/2023\/09\/IMG-20230919-WA0062.jpg 799w, https:\/\/blogdoedvaldomagalhaes.com.br\/wp-content\/uploads\/2023\/09\/IMG-20230919-WA0062-300x201.jpg 300w, https:\/\/blogdoedvaldomagalhaes.com.br\/wp-content\/uploads\/2023\/09\/IMG-20230919-WA0062-768x513.jpg 768w\" sizes=\"auto, (max-width: 799px) 100vw, 799px\" \/><figcaption class=\"wp-element-caption\">Fotos: Felipe Correia <\/figcaption><\/figure>\n","protected":false},"excerpt":{"rendered":"<p>A quadra do Gin\u00e1sio Municipal Professor Erlandsen Rodrigues da Silva estava lotada, nessa segunda-feira (18), para prestigiar a abertura dos&hellip;<\/p>\n","protected":false},"author":1,"featured_media":100940,"comment_status":"closed","ping_status":"open","sticky":false,"template":"","format":"standard","meta":{"footnotes":""},"categories":[14120],"tags":[2,19532,3406,28588,20],"class_list":["post-100938","post","type-post","status-publish","format-standard","has-post-thumbnail","hentry","category-noticias","tag-blog-do-edvaldo-magalhaes","tag-blog-mais-acessado-e-visualizado-de-caruaru-e-regiao","tag-caruaru","tag-jogos-escolares-e-universitarios-de-caruaru-tem-a-inclusao-de-modalidades-paralimpicas","tag-politica"],"_links":{"self":[{"href":"https:\/\/blogdoedvaldomagalhaes.com.br\/index.php\/wp-json\/wp\/v2\/posts\/100938","targetHints":{"allow":["GET"]}}],"collection":[{"href":"https:\/\/blogdoedvaldomagalhaes.com.br\/index.php\/wp-json\/wp\/v2\/posts"}],"about":[{"href":"https:\/\/blogdoedvaldomagalhaes.com.br\/index.php\/wp-json\/wp\/v2\/types\/post"}],"author":[{"embeddable":true,"href":"https:\/\/blogdoedvaldomagalhaes.com.br\/index.php\/wp-json\/wp\/v2\/users\/1"}],"replies":[{"embeddable":true,"href":"https:\/\/blogdoedvaldomagalhaes.com.br\/index.php\/wp-json\/wp\/v2\/comments?post=100938"}],"version-history":[{"count":1,"href":"https:\/\/blogdoedvaldomagalhaes.com.br\/index.php\/wp-json\/wp\/v2\/posts\/100938\/revisions"}],"predecessor-version":[{"id":100941,"href":"https:\/\/blogdoedvaldomagalhaes.com.br\/index.php\/wp-json\/wp\/v2\/posts\/100938\/revisions\/100941"}],"wp:featuredmedia":[{"embeddable":true,"href":"https:\/\/blogdoedvaldomagalhaes.com.br\/index.php\/wp-json\/wp\/v2\/media\/100940"}],"wp:attachment":[{"href":"https:\/\/blogdoedvaldomagalhaes.com.br\/index.php\/wp-json\/wp\/v2\/media?parent=100938"}],"wp:term":[{"taxonomy":"category","embeddable":true,"href":"https:\/\/blogdoedvaldomagalhaes.com.br\/index.php\/wp-json\/wp\/v2\/categories?post=100938"},{"taxonomy":"post_tag","embeddable":true,"href":"https:\/\/blogdoedvaldomagalhaes.com.br\/index.php\/wp-json\/wp\/v2\/tags?post=100938"}],"curies":[{"name":"wp","href":"https:\/\/api.w.org\/{rel}","templated":true}]}}