{"id":100932,"date":"2023-09-19T13:19:21","date_gmt":"2023-09-19T16:19:21","guid":{"rendered":"https:\/\/blogdoedvaldomagalhaes.com.br\/?p=100932"},"modified":"2023-09-19T13:19:22","modified_gmt":"2023-09-19T16:19:22","slug":"publicada-lei-que-institui-o-programa-de-recuperacao-fiscal-2023-em-caruaru","status":"publish","type":"post","link":"https:\/\/blogdoedvaldomagalhaes.com.br\/index.php\/2023\/09\/19\/publicada-lei-que-institui-o-programa-de-recuperacao-fiscal-2023-em-caruaru\/","title":{"rendered":"Publicada Lei que institui o Programa de Recupera\u00e7\u00e3o Fiscal 2023, em Caruaru"},"content":{"rendered":"<p style=\"text-align: justify;\"><span style=\"color: initial; font-size: revert;\">A Secretaria da Fazenda de Caruaru (Sefaz), publicou no Di\u00e1rio Oficial dessa quinta-feira (14), a Lei 7.059 que institui o Programa de Recupera\u00e7\u00e3o Fiscal 2023. Poder\u00e3o aderir ao Refis pessoas f\u00edsicas e jur\u00eddicas, de direito p\u00fablico ou privado, inclusive aquelas que se encontram em recupera\u00e7\u00e3o judicial. O programa ter\u00e1 vig\u00eancia at\u00e9 31 de dezembro.<\/span><\/p>\n<p style=\"text-align: justify;\">O Refis abrange os d\u00e9bitos de natureza tribut\u00e1ria e n\u00e3o tribut\u00e1ria, vencidos at\u00e9 a data de formaliza\u00e7\u00e3o do pedido de ades\u00e3o ao programa, exceto o Imposto Predial e Territorial Urbano (IPTU) e a Taxa de Coleta de Res\u00edduos (TCR).<\/p>\n<p style=\"text-align: justify;\">\n*Percentuais de descontos de juros e multa:*<\/p>\n<p style=\"text-align: justify;\">Se pago em Cota \u00danica: 100%;<br \/>\nDe 02 at\u00e9 12 vezes: 90%;<br \/>\nDe 13 at\u00e9 24 vezes: 80%;<br \/>\nDe 25 at\u00e9 36 vezes: 70%;<br \/>\nDe 37 at\u00e9 48 vezes: 50% ;<br \/>\nDe 49 at\u00e9 60 vezes: 40%.<\/p>\n<p style=\"text-align: justify;\">\nOs descontos em programas de recupera\u00e7\u00e3o fiscal desempenham um papel fundamental na promo\u00e7\u00e3o da conformidade tribut\u00e1ria e na revitaliza\u00e7\u00e3o do governo. \u201cEssas iniciativas oferecem incentivos financeiros que permitem que contribuintes regularizem suas obriga\u00e7\u00f5es fiscais pendentes a custos reduzidos. Isso n\u00e3o apenas aumenta a arrecada\u00e7\u00e3o de impostos, fornecendo recursos essenciais para servi\u00e7os p\u00fablicos, mas tamb\u00e9m alivia a carga financeira sobre indiv\u00edduos e empresas que enfrentam dificuldades\u201d, disse a secret\u00e1ria da Fazenda, Karlla Almeida.<\/p>\n<p>Siga o Instagram do Blog para comentar @blogdoedvaldomagalhaes<\/p>\n<p>Se inscreva no canal do Blog no You Tube<\/p>\n<p>Imagem: Reprodu\u00e7\u00e3o.<\/p>\n","protected":false},"excerpt":{"rendered":"<p>A Secretaria da Fazenda de Caruaru (Sefaz), publicou no Di\u00e1rio Oficial dessa quinta-feira (14), a Lei 7.059 que institui o&hellip;<\/p>\n","protected":false},"author":1,"featured_media":100933,"comment_status":"closed","ping_status":"open","sticky":false,"template":"","format":"standard","meta":{"footnotes":""},"categories":[14120],"tags":[2,19532,3406,28586],"class_list":["post-100932","post","type-post","status-publish","format-standard","has-post-thumbnail","hentry","category-noticias","tag-blog-do-edvaldo-magalhaes","tag-blog-mais-acessado-e-visualizado-de-caruaru-e-regiao","tag-caruaru","tag-publicada-lei-que-institui-o-programa-de-recuperacao-fiscal-2023-em-caruaru"],"_links":{"self":[{"href":"https:\/\/blogdoedvaldomagalhaes.com.br\/index.php\/wp-json\/wp\/v2\/posts\/100932","targetHints":{"allow":["GET"]}}],"collection":[{"href":"https:\/\/blogdoedvaldomagalhaes.com.br\/index.php\/wp-json\/wp\/v2\/posts"}],"about":[{"href":"https:\/\/blogdoedvaldomagalhaes.com.br\/index.php\/wp-json\/wp\/v2\/types\/post"}],"author":[{"embeddable":true,"href":"https:\/\/blogdoedvaldomagalhaes.com.br\/index.php\/wp-json\/wp\/v2\/users\/1"}],"replies":[{"embeddable":true,"href":"https:\/\/blogdoedvaldomagalhaes.com.br\/index.php\/wp-json\/wp\/v2\/comments?post=100932"}],"version-history":[{"count":1,"href":"https:\/\/blogdoedvaldomagalhaes.com.br\/index.php\/wp-json\/wp\/v2\/posts\/100932\/revisions"}],"predecessor-version":[{"id":100934,"href":"https:\/\/blogdoedvaldomagalhaes.com.br\/index.php\/wp-json\/wp\/v2\/posts\/100932\/revisions\/100934"}],"wp:featuredmedia":[{"embeddable":true,"href":"https:\/\/blogdoedvaldomagalhaes.com.br\/index.php\/wp-json\/wp\/v2\/media\/100933"}],"wp:attachment":[{"href":"https:\/\/blogdoedvaldomagalhaes.com.br\/index.php\/wp-json\/wp\/v2\/media?parent=100932"}],"wp:term":[{"taxonomy":"category","embeddable":true,"href":"https:\/\/blogdoedvaldomagalhaes.com.br\/index.php\/wp-json\/wp\/v2\/categories?post=100932"},{"taxonomy":"post_tag","embeddable":true,"href":"https:\/\/blogdoedvaldomagalhaes.com.br\/index.php\/wp-json\/wp\/v2\/tags?post=100932"}],"curies":[{"name":"wp","href":"https:\/\/api.w.org\/{rel}","templated":true}]}}