{"id":100925,"date":"2023-09-19T13:01:56","date_gmt":"2023-09-19T16:01:56","guid":{"rendered":"https:\/\/blogdoedvaldomagalhaes.com.br\/?p=100925"},"modified":"2023-09-19T13:01:56","modified_gmt":"2023-09-19T16:01:56","slug":"hospital-regional-jesus-nazareno-realiza-acoes-em-alusao-ao-dia-da-seguranca-do-paciente","status":"publish","type":"post","link":"https:\/\/blogdoedvaldomagalhaes.com.br\/index.php\/2023\/09\/19\/hospital-regional-jesus-nazareno-realiza-acoes-em-alusao-ao-dia-da-seguranca-do-paciente\/","title":{"rendered":"Hospital Regional Jesus Nazareno realiza a\u00e7\u00f5es em alus\u00e3o ao Dia da Seguran\u00e7a do Paciente"},"content":{"rendered":"<p style=\"text-align: justify;\"><span style=\"color: initial; font-size: revert;\">Em alus\u00e3o ao Dia Mundial da Seguran\u00e7a do Paciente, que \u00e9 celebrado no dia 17 de setembro, o Hospital Regional Jesus Nazareno (HRJN), em Caruaru, realizar\u00e1 uma semana de atividades com profissionais e pacientes da unidade.<\/span><\/p>\n<p style=\"text-align: justify;\">Segundo a coordenadora do N\u00facleo de Seguran\u00e7a do Paciente (NSP) do HRJN, Rosa R\u00e9gia Medeiros, \u00e9 importante que haja o envolvimento do paciente e da fam\u00edlia. \u201cVemos isso como estrat\u00e9gia para preven\u00e7\u00e3o e elimina\u00e7\u00e3o de danos evit\u00e1veis nos cuidados de sa\u00fade das mulheres e rec\u00e9m-nascidos admitidos na institui\u00e7\u00e3o. Daremos \u00eanfase \u00e0 tem\u00e1tica da maternidade segura, engajando o p\u00fablico-alvo\u201d, destaca.<\/p>\n<p style=\"text-align: justify;\">As a\u00e7\u00f5es s\u00e3o realizadas em parceria com o N\u00facleo de Educa\u00e7\u00e3o Permanente (NEP) do HRJN. \u201cOs usu\u00e1rios precisam se sentir parte importante do processo de seguran\u00e7a do paciente, precisam compreender seu papel\u201d, ressalta a coordenadora do NEP, H\u00e9llyda Pryscylla Gusm\u00e3o.<\/p>\n<p style=\"text-align: justify;\">O tema da campanha em 2023 \u00e9 &#8220;O engajamento dos pacientes para a seguran\u00e7a do paciente&#8221; e tem como objetivo reconhecer o papel central que os pacientes, suas fam\u00edlias e cuidadores desempenham no avan\u00e7o do cuidado seguro.<\/p>\n<p style=\"text-align: justify;\">Dia Mundial da Seguran\u00e7a do Paciente &#8211; A data foi criada pela Organiza\u00e7\u00e3o Mundial de Sa\u00fade (OMS) e a iniciativa conta com o apoio da Ag\u00eancia Nacional de Vigil\u00e2ncia Sanit\u00e1ria (Anvisa), que vem refor\u00e7ando a necessidade de estimular todos os entes envolvidos a minimizar os riscos de danos associados \u00e0 assist\u00eancia \u00e0 sa\u00fade, assegurando a seguran\u00e7a do paciente e melhorando a qualidade dos servi\u00e7os de sa\u00fade.<\/p>\n<p style=\"text-align: justify;\">PROGRAMA\u00c7\u00c3O<br \/>\nTer\u00e7a-feira (19\/09)<br \/>\nEngajamento das pacientes e profissionais na preven\u00e7\u00e3o de risco de queda<br \/>\nP\u00fablico-alvo: Pacientes, maqueiros e ASG<br \/>\nHor\u00e1rio: 10h<br \/>\nLocal: Corredor entre bloco e alojamento A<br \/>\nRespons\u00e1veis: NEP e NSP<\/p>\n<p style=\"text-align: justify;\">Quarta (20\/09) e sexta-feira (22\/09)<br \/>\nEngajamento para a Seguran\u00e7a do Paciente &#8211; Momento l\u00fadico<br \/>\nP\u00fablico-alvo: Pacientes<br \/>\nHor\u00e1rio: 14h<br \/>\nLocal: Alojamentos A e B<br \/>\nRespons\u00e1veis: NEP, NSP e estudantes do UNIFAVIP<\/p>\n<p style=\"text-align: justify;\">Quinta-feira (21\/09)<br \/>\nEngajamento das pacientes no pr\u00e9-natal seguro<br \/>\nP\u00fablico-alvo: Gestantes do alto risco<br \/>\nHor\u00e1rio: 9h<br \/>\nLocal: Audit\u00f3rio<br \/>\nRespons\u00e1veis: Residentes de enfermagem do HRJN.<\/p>\n<p style=\"text-align: justify;\">Foto: Divulga\u00e7\u00e3o\/Ascom.<\/p>\n<p style=\"text-align: justify;\">Siga o Instagram do Blog para comentar @blogdoedvaldomagalhaes<\/p>\n<p style=\"text-align: justify;\">Se inscreva no canal do Blog no You Tube<\/p>\n","protected":false},"excerpt":{"rendered":"<p>Em alus\u00e3o ao Dia Mundial da Seguran\u00e7a do Paciente, que \u00e9 celebrado no dia 17 de setembro, o Hospital Regional&hellip;<\/p>\n","protected":false},"author":1,"featured_media":100926,"comment_status":"closed","ping_status":"open","sticky":false,"template":"","format":"standard","meta":{"footnotes":""},"categories":[14120],"tags":[2,19532,3406,28585],"class_list":["post-100925","post","type-post","status-publish","format-standard","has-post-thumbnail","hentry","category-noticias","tag-blog-do-edvaldo-magalhaes","tag-blog-mais-acessado-e-visualizado-de-caruaru-e-regiao","tag-caruaru","tag-hospital-regional-jesus-nazareno-realiza-acoes-em-alusao-ao-dia-da-seguranca-do-paciente"],"_links":{"self":[{"href":"https:\/\/blogdoedvaldomagalhaes.com.br\/index.php\/wp-json\/wp\/v2\/posts\/100925","targetHints":{"allow":["GET"]}}],"collection":[{"href":"https:\/\/blogdoedvaldomagalhaes.com.br\/index.php\/wp-json\/wp\/v2\/posts"}],"about":[{"href":"https:\/\/blogdoedvaldomagalhaes.com.br\/index.php\/wp-json\/wp\/v2\/types\/post"}],"author":[{"embeddable":true,"href":"https:\/\/blogdoedvaldomagalhaes.com.br\/index.php\/wp-json\/wp\/v2\/users\/1"}],"replies":[{"embeddable":true,"href":"https:\/\/blogdoedvaldomagalhaes.com.br\/index.php\/wp-json\/wp\/v2\/comments?post=100925"}],"version-history":[{"count":1,"href":"https:\/\/blogdoedvaldomagalhaes.com.br\/index.php\/wp-json\/wp\/v2\/posts\/100925\/revisions"}],"predecessor-version":[{"id":100927,"href":"https:\/\/blogdoedvaldomagalhaes.com.br\/index.php\/wp-json\/wp\/v2\/posts\/100925\/revisions\/100927"}],"wp:featuredmedia":[{"embeddable":true,"href":"https:\/\/blogdoedvaldomagalhaes.com.br\/index.php\/wp-json\/wp\/v2\/media\/100926"}],"wp:attachment":[{"href":"https:\/\/blogdoedvaldomagalhaes.com.br\/index.php\/wp-json\/wp\/v2\/media?parent=100925"}],"wp:term":[{"taxonomy":"category","embeddable":true,"href":"https:\/\/blogdoedvaldomagalhaes.com.br\/index.php\/wp-json\/wp\/v2\/categories?post=100925"},{"taxonomy":"post_tag","embeddable":true,"href":"https:\/\/blogdoedvaldomagalhaes.com.br\/index.php\/wp-json\/wp\/v2\/tags?post=100925"}],"curies":[{"name":"wp","href":"https:\/\/api.w.org\/{rel}","templated":true}]}}