{"id":100787,"date":"2023-09-15T14:29:17","date_gmt":"2023-09-15T17:29:17","guid":{"rendered":"https:\/\/blogdoedvaldomagalhaes.com.br\/?p=100787"},"modified":"2023-09-15T14:29:19","modified_gmt":"2023-09-15T17:29:19","slug":"central-de-abastecimento-de-caruaru-apresenta-novas-variacoes-de-precos","status":"publish","type":"post","link":"https:\/\/blogdoedvaldomagalhaes.com.br\/index.php\/2023\/09\/15\/central-de-abastecimento-de-caruaru-apresenta-novas-variacoes-de-precos\/","title":{"rendered":"Central de Abastecimento de Caruaru apresenta novas varia\u00e7\u00f5es de pre\u00e7os"},"content":{"rendered":"<p style=\"text-align: justify;\"><span style=\"color: initial; font-size: revert;\">A Central de Abastecimento de Caruaru (Ceaca), divulgou a rela\u00e7\u00e3o semanal de pre\u00e7os, a pesquisa foi realizada entre os dias 05 e 13 de Setembro. Com um total de 76 produtos analisados, a pesquisa revelou oscila\u00e7\u00f5es significativas nos pre\u00e7os, com 14 produtos apresentando aumento e 16 produtos registrando redu\u00e7\u00e3o.<\/span><\/p>\n<p style=\"text-align: justify;\">Entre os produtos que sofreram aumento, repolho verde lidera, com um aumento de 63%. Al\u00e9m dela, o couve flor teve aumento de 43%, e a batatinha pirulito, com um aumento de 42%.<\/p>\n<p style=\"text-align: justify;\">Outros produtos tiveram uma queda significativa. A melancia registrou uma redu\u00e7\u00e3o de 79% em seu pre\u00e7o, o jil\u00f3 comprido tamb\u00e9m apresentou uma redu\u00e7\u00e3o consider\u00e1vel de 67% e, por fim, a tangerina cravo registrou uma redu\u00e7\u00e3o de 63% em seu pre\u00e7o.<\/p>\n<p style=\"text-align: justify;\">A an\u00e1lise semanal de pre\u00e7os \u00e9 conduzida internamente pela pr\u00f3pria Central de Abastecimento de Caruaru. A varia\u00e7\u00e3o no custo dos produtos \u00e9 um reflexo das flutua\u00e7\u00f5es naturais do mercado, que podem ser influenciadas por fatores como sazonalidade, condi\u00e7\u00f5es clim\u00e1ticas, oferta e demanda, entre outros.<\/p>\n<p style=\"text-align: justify;\">Essa cota\u00e7\u00e3o tem o objetivo de fornecer informa\u00e7\u00f5es sobre os produtos e as ofertas semanalmente, tanto para os comerciantes que abastecem a central quanto para os consumidores. Foto: Divulga\u00e7\u00e3o.<\/p>\n<p style=\"text-align: justify;\">Siga o Instagram do Blog @blogdoedvaldomagalhaes<\/p>\n<p style=\"text-align: justify;\">Se inscreva no canal do Blog no You Tube<\/p>\n","protected":false},"excerpt":{"rendered":"<p>A Central de Abastecimento de Caruaru (Ceaca), divulgou a rela\u00e7\u00e3o semanal de pre\u00e7os, a pesquisa foi realizada entre os dias&hellip;<\/p>\n","protected":false},"author":1,"featured_media":100788,"comment_status":"closed","ping_status":"open","sticky":false,"template":"","format":"standard","meta":{"footnotes":""},"categories":[14120],"tags":[2,19532,3406,5958,28539],"class_list":["post-100787","post","type-post","status-publish","format-standard","has-post-thumbnail","hentry","category-noticias","tag-blog-do-edvaldo-magalhaes","tag-blog-mais-acessado-e-visualizado-de-caruaru-e-regiao","tag-caruaru","tag-ceaca","tag-central-de-abastecimento-de-caruaru-apresenta-novas-variacoes-de-precos"],"_links":{"self":[{"href":"https:\/\/blogdoedvaldomagalhaes.com.br\/index.php\/wp-json\/wp\/v2\/posts\/100787","targetHints":{"allow":["GET"]}}],"collection":[{"href":"https:\/\/blogdoedvaldomagalhaes.com.br\/index.php\/wp-json\/wp\/v2\/posts"}],"about":[{"href":"https:\/\/blogdoedvaldomagalhaes.com.br\/index.php\/wp-json\/wp\/v2\/types\/post"}],"author":[{"embeddable":true,"href":"https:\/\/blogdoedvaldomagalhaes.com.br\/index.php\/wp-json\/wp\/v2\/users\/1"}],"replies":[{"embeddable":true,"href":"https:\/\/blogdoedvaldomagalhaes.com.br\/index.php\/wp-json\/wp\/v2\/comments?post=100787"}],"version-history":[{"count":1,"href":"https:\/\/blogdoedvaldomagalhaes.com.br\/index.php\/wp-json\/wp\/v2\/posts\/100787\/revisions"}],"predecessor-version":[{"id":100789,"href":"https:\/\/blogdoedvaldomagalhaes.com.br\/index.php\/wp-json\/wp\/v2\/posts\/100787\/revisions\/100789"}],"wp:featuredmedia":[{"embeddable":true,"href":"https:\/\/blogdoedvaldomagalhaes.com.br\/index.php\/wp-json\/wp\/v2\/media\/100788"}],"wp:attachment":[{"href":"https:\/\/blogdoedvaldomagalhaes.com.br\/index.php\/wp-json\/wp\/v2\/media?parent=100787"}],"wp:term":[{"taxonomy":"category","embeddable":true,"href":"https:\/\/blogdoedvaldomagalhaes.com.br\/index.php\/wp-json\/wp\/v2\/categories?post=100787"},{"taxonomy":"post_tag","embeddable":true,"href":"https:\/\/blogdoedvaldomagalhaes.com.br\/index.php\/wp-json\/wp\/v2\/tags?post=100787"}],"curies":[{"name":"wp","href":"https:\/\/api.w.org\/{rel}","templated":true}]}}