{"id":100781,"date":"2023-09-15T12:51:04","date_gmt":"2023-09-15T15:51:04","guid":{"rendered":"https:\/\/blogdoedvaldomagalhaes.com.br\/?p=100781"},"modified":"2023-09-15T21:53:57","modified_gmt":"2023-09-16T00:53:57","slug":"dois-policiais-mortos-gravida-e-adolescentes-feridos","status":"publish","type":"post","link":"https:\/\/blogdoedvaldomagalhaes.com.br\/index.php\/2023\/09\/15\/dois-policiais-mortos-gravida-e-adolescentes-feridos\/","title":{"rendered":"Dois policiais mortos, gr\u00e1vida e adolescentes feridos"},"content":{"rendered":"<p style=\"text-align: justify;\">Dois policiais militares foram mortos e uma mulher gr\u00e1vida e um adolescente ficaram feridos ap\u00f3s um tiroteio em Camaragibe, no Grande Recife, na quinta-feira (14.09).<\/p>\n<p style=\"text-align: justify;\">De acordo com testemunhas, os tiros foram disparados durante de uma abordagem policial a um suspeito de crimes no local.<\/p>\n<p style=\"text-align: justify;\">O crime aconteceu no bairro de Tabatinga. Os policiais foram identificados como sendo o soldado Eduardo Roque e o cabo Rodolfo Silva. Ambos eram do 20\u00ba Batalh\u00e3o da PM. Os nomes das outras pessoas baleadas n\u00e3o foram <span style=\"font-size: revert;\">Em contato com a Pol\u00edcia Militar, com a Pol\u00edcia Civil&nbsp;<\/span><\/p>\n<p style=\"text-align: justify;\">A assessoria de comunica\u00e7\u00e3o da PMPE, at\u00e9 o momento, informou apenas que a corpora\u00e7\u00e3o se encontra em luto oficial por tr\u00eas dias.<\/p>\n\n\n<figure class=\"wp-block-image size-full\"><img loading=\"lazy\" decoding=\"async\" width=\"835\" height=\"794\" src=\"https:\/\/blogdoedvaldomagalhaes.com.br\/wp-content\/uploads\/2023\/09\/0ed4de5b-f685-42f4-b018-d3fee1da2061.jpeg\" alt=\"\" class=\"wp-image-100808\" srcset=\"https:\/\/blogdoedvaldomagalhaes.com.br\/wp-content\/uploads\/2023\/09\/0ed4de5b-f685-42f4-b018-d3fee1da2061.jpeg 835w, https:\/\/blogdoedvaldomagalhaes.com.br\/wp-content\/uploads\/2023\/09\/0ed4de5b-f685-42f4-b018-d3fee1da2061-300x285.jpeg 300w, https:\/\/blogdoedvaldomagalhaes.com.br\/wp-content\/uploads\/2023\/09\/0ed4de5b-f685-42f4-b018-d3fee1da2061-768x730.jpeg 768w\" sizes=\"auto, (max-width: 835px) 100vw, 835px\" \/><figcaption class=\"wp-element-caption\">Foto do acusado de matar os dois policiais <\/figcaption><\/figure>\n","protected":false},"excerpt":{"rendered":"<p>Dois policiais militares foram mortos e uma mulher gr\u00e1vida e um adolescente ficaram feridos ap\u00f3s um tiroteio em Camaragibe, no&hellip;<\/p>\n","protected":false},"author":1,"featured_media":100786,"comment_status":"closed","ping_status":"open","sticky":false,"template":"","format":"standard","meta":{"footnotes":""},"categories":[14121],"tags":[2,19532,10577,3406,28538],"class_list":["post-100781","post","type-post","status-publish","format-standard","has-post-thumbnail","hentry","category-policial","tag-blog-do-edvaldo-magalhaes","tag-blog-mais-acessado-e-visualizado-de-caruaru-e-regiao","tag-camaragibe","tag-caruaru","tag-dois-policiais-mortos-gravida-e-adolescentes-feridos"],"_links":{"self":[{"href":"https:\/\/blogdoedvaldomagalhaes.com.br\/index.php\/wp-json\/wp\/v2\/posts\/100781","targetHints":{"allow":["GET"]}}],"collection":[{"href":"https:\/\/blogdoedvaldomagalhaes.com.br\/index.php\/wp-json\/wp\/v2\/posts"}],"about":[{"href":"https:\/\/blogdoedvaldomagalhaes.com.br\/index.php\/wp-json\/wp\/v2\/types\/post"}],"author":[{"embeddable":true,"href":"https:\/\/blogdoedvaldomagalhaes.com.br\/index.php\/wp-json\/wp\/v2\/users\/1"}],"replies":[{"embeddable":true,"href":"https:\/\/blogdoedvaldomagalhaes.com.br\/index.php\/wp-json\/wp\/v2\/comments?post=100781"}],"version-history":[{"count":5,"href":"https:\/\/blogdoedvaldomagalhaes.com.br\/index.php\/wp-json\/wp\/v2\/posts\/100781\/revisions"}],"predecessor-version":[{"id":100809,"href":"https:\/\/blogdoedvaldomagalhaes.com.br\/index.php\/wp-json\/wp\/v2\/posts\/100781\/revisions\/100809"}],"wp:featuredmedia":[{"embeddable":true,"href":"https:\/\/blogdoedvaldomagalhaes.com.br\/index.php\/wp-json\/wp\/v2\/media\/100786"}],"wp:attachment":[{"href":"https:\/\/blogdoedvaldomagalhaes.com.br\/index.php\/wp-json\/wp\/v2\/media?parent=100781"}],"wp:term":[{"taxonomy":"category","embeddable":true,"href":"https:\/\/blogdoedvaldomagalhaes.com.br\/index.php\/wp-json\/wp\/v2\/categories?post=100781"},{"taxonomy":"post_tag","embeddable":true,"href":"https:\/\/blogdoedvaldomagalhaes.com.br\/index.php\/wp-json\/wp\/v2\/tags?post=100781"}],"curies":[{"name":"wp","href":"https:\/\/api.w.org\/{rel}","templated":true}]}}