{"id":100653,"date":"2023-09-12T13:05:00","date_gmt":"2023-09-12T16:05:00","guid":{"rendered":"https:\/\/blogdoedvaldomagalhaes.com.br\/?p=100653"},"modified":"2023-09-12T13:10:10","modified_gmt":"2023-09-12T16:10:10","slug":"acusado-de-matar-mae-e-filha-segue-preso-apos-audiencia-de-custodia","status":"publish","type":"post","link":"https:\/\/blogdoedvaldomagalhaes.com.br\/index.php\/2023\/09\/12\/acusado-de-matar-mae-e-filha-segue-preso-apos-audiencia-de-custodia\/","title":{"rendered":"Acusado de matar m\u00e3e e filha segue preso, ap\u00f3s audi\u00eancia de cust\u00f3dia"},"content":{"rendered":"<p style=\"text-align: justify;\">O flagrante do autor do duplo feminic\u00eddio foi homologado e convertido em pris\u00e3o preventiva pelo juiz da cust\u00f3dia. Everaldo Santos da Silva, de 50 anos, foi encaminhado para a Penitenci\u00e1ria Juiz Pl\u00e1cido de Souza, em Caruaru, onde aguardar\u00e1 julgamento e poder\u00e1 pegar de 12 a 30 anos de pris\u00e3o.<\/p>\n<p style=\"text-align: justify;\">Everaldo \u00e9 acusado de cometer um duplo feminicidio na noite dessa segunda-feira (11.09), dentro da casa de n\u00famero 607, na rua Paris, no Residencial Xique-xique, em Caruaru.<\/p>\n<p style=\"text-align: justify;\">Suilam Mirelle de Almeida, 49 anos, com quem Everaldo tinha um relacionamento amoroso e a filha dela de nome Vit\u00f3ria Tauani de Almeida, de 10 anos de idade, foram assassinadas dentro da pr\u00f3pria casa, provavelmente por asfixia. \u00a0O\u00a0\u00a0corpo de Vit\u00f3ria foi encontrado em cima da cama, enquanto que o corpo da Suilam foi encontrado no ch\u00e3o ao lado da cama.<\/p>\n<p style=\"text-align: justify;\">Os Soldados Alysson e Muniz da Cavalaria da Pol\u00edcia Militar, prenderam o acusado em frente ao Terminal Rodovi\u00e1rio e foi apresentado na Divis\u00e3o de Homic\u00eddios. No carro dele foram encontrados um fac\u00e3o e uma faca-peixeira.<\/p>\n<p style=\"text-align: justify;\">A irm\u00e3 da Suilam , Suilan Micheline, disse que a irm\u00e3 estava querendo o fim do relacionamento, mas o Everaldo n\u00e3o aceitava e que possivelmente esse foi o motivo para ele matar a sua irm\u00e3 e a filha dela.<\/p>\n<p style=\"text-align: justify;\"><strong>Nota de Rep\u00fadio<\/strong><\/p>\n<p style=\"text-align: justify;\">A Prefeitura de Caruaru, em nome do prefeito Rodrigo Pinheiro e por meio da Secretaria de Pol\u00edticas para Mulheres, vem a p\u00fablico REPUDIAR o crime de duplo feminic\u00eddio ocorrido, nesta segunda-feira (11), no bairro Xique Xique, ap\u00f3s um ano sem estat\u00edsticas do tipo, na cidade.<\/p>\n<p style=\"text-align: justify;\">Diante dos fatos, desde as primeiras horas do ocorrido, equipes da Prefeitura acompanharam todos os procedimentos necess\u00e1rios.<\/p>\n<p style=\"text-align: justify;\">Expressamos nossa extensa solidariedade aos familiares das v\u00edtimas da senhora Suilan Mirele de Almeida, de 49 anos e da sua filha, Vit\u00f3ria Tauany de Almeida Moreira, de apenas 10 anos, na certeza de que nenhum esfor\u00e7o ser\u00e1 medido para que a justi\u00e7a seja feita, atrav\u00e9s de um trabalho de parceria entre a Pol\u00edcia e o Juntos pela Seguran\u00e7a.<\/p>\n<p style=\"text-align: justify;\">Rodrigo Pinheiro &#8211; Prefeito de Caruaru<\/p>\n","protected":false},"excerpt":{"rendered":"<p>O flagrante do autor do duplo feminic\u00eddio foi homologado e convertido em pris\u00e3o preventiva pelo juiz da cust\u00f3dia. Everaldo Santos&hellip;<\/p>\n","protected":false},"author":1,"featured_media":100634,"comment_status":"closed","ping_status":"open","sticky":false,"template":"","format":"standard","meta":{"footnotes":""},"categories":[14121],"tags":[28511,2,19532,3406,27082],"class_list":["post-100653","post","type-post","status-publish","format-standard","has-post-thumbnail","hentry","category-policial","tag-acusado-de-matar-mae-e-filha-segue-preso-apos-audiencia-de-custodia","tag-blog-do-edvaldo-magalhaes","tag-blog-mais-acessado-e-visualizado-de-caruaru-e-regiao","tag-caruaru","tag-feminicidio"],"_links":{"self":[{"href":"https:\/\/blogdoedvaldomagalhaes.com.br\/index.php\/wp-json\/wp\/v2\/posts\/100653","targetHints":{"allow":["GET"]}}],"collection":[{"href":"https:\/\/blogdoedvaldomagalhaes.com.br\/index.php\/wp-json\/wp\/v2\/posts"}],"about":[{"href":"https:\/\/blogdoedvaldomagalhaes.com.br\/index.php\/wp-json\/wp\/v2\/types\/post"}],"author":[{"embeddable":true,"href":"https:\/\/blogdoedvaldomagalhaes.com.br\/index.php\/wp-json\/wp\/v2\/users\/1"}],"replies":[{"embeddable":true,"href":"https:\/\/blogdoedvaldomagalhaes.com.br\/index.php\/wp-json\/wp\/v2\/comments?post=100653"}],"version-history":[{"count":2,"href":"https:\/\/blogdoedvaldomagalhaes.com.br\/index.php\/wp-json\/wp\/v2\/posts\/100653\/revisions"}],"predecessor-version":[{"id":100656,"href":"https:\/\/blogdoedvaldomagalhaes.com.br\/index.php\/wp-json\/wp\/v2\/posts\/100653\/revisions\/100656"}],"wp:featuredmedia":[{"embeddable":true,"href":"https:\/\/blogdoedvaldomagalhaes.com.br\/index.php\/wp-json\/wp\/v2\/media\/100634"}],"wp:attachment":[{"href":"https:\/\/blogdoedvaldomagalhaes.com.br\/index.php\/wp-json\/wp\/v2\/media?parent=100653"}],"wp:term":[{"taxonomy":"category","embeddable":true,"href":"https:\/\/blogdoedvaldomagalhaes.com.br\/index.php\/wp-json\/wp\/v2\/categories?post=100653"},{"taxonomy":"post_tag","embeddable":true,"href":"https:\/\/blogdoedvaldomagalhaes.com.br\/index.php\/wp-json\/wp\/v2\/tags?post=100653"}],"curies":[{"name":"wp","href":"https:\/\/api.w.org\/{rel}","templated":true}]}}