{"id":100018,"date":"2023-08-26T09:56:02","date_gmt":"2023-08-26T12:56:02","guid":{"rendered":"https:\/\/blogdoedvaldomagalhaes.com.br\/?p=100018"},"modified":"2023-08-26T09:56:03","modified_gmt":"2023-08-26T12:56:03","slug":"suspeitos-de-participar-de-racha-sao-detidos-e-multados-em-quase-r-3-mil","status":"publish","type":"post","link":"https:\/\/blogdoedvaldomagalhaes.com.br\/index.php\/2023\/08\/26\/suspeitos-de-participar-de-racha-sao-detidos-e-multados-em-quase-r-3-mil\/","title":{"rendered":"Suspeitos de participar de &#8220;racha&#8221; s\u00e3o detidos e multados em quase R$ 3 mil"},"content":{"rendered":"<p style=\"text-align: justify;\"><span style=\"color: initial; font-size: revert;\">Tr\u00eas homens suspeitos de participar de um &#8220;racha&#8221; foram detidos, na madrugada deste s\u00e1bado (26), pela Pol\u00edcia Rodovi\u00e1ria Federal (PRF), no Km 65 da BR 101, no bairro da Iputinga, na Zona Oeste do Recife. Uma das motocicletas abordadas possu\u00eda sinais de adultera\u00e7\u00e3o e as outras estavam com as placas cobertas.<\/span><\/p>\n<p style=\"text-align: justify;\">Policiais receberam den\u00fancias de que estava ocorrendo um racha na BR 101 e realizaram o acompanhamento das motocicletas, at\u00e9 abordar tr\u00eas participantes. Os condutores foram autuados com uma multa no valor de R$2.934,70, al\u00e9m de estarem sujeitos \u00e0 suspens\u00e3o do direito de dirigir.<\/p>\n<p style=\"text-align: justify;\">Os homens foram encaminhados \u00e0 Central de Plant\u00f5es da Capital (CEPLANC), em Campo Grande, na Zona Norte da capital. O condutor que estava com a moto adulterada poder\u00e1 responder por adultera\u00e7\u00e3o de sinal identificador de ve\u00edculo. Foto: Divulga\u00e7\u00e3o\/PRF<\/p>\n<p style=\"text-align: justify;\">Siga o Instagram do Blog @blogdoedvaldomagalhaes<\/p>\n<p style=\"text-align: justify;\">Se inscreva no canal do Blog no You Tube<\/p>\n","protected":false},"excerpt":{"rendered":"<p>Tr\u00eas homens suspeitos de participar de um &#8220;racha&#8221; foram detidos, na madrugada deste s\u00e1bado (26), pela Pol\u00edcia Rodovi\u00e1ria Federal (PRF),&hellip;<\/p>\n","protected":false},"author":1,"featured_media":100019,"comment_status":"closed","ping_status":"open","sticky":false,"template":"","format":"standard","meta":{"footnotes":""},"categories":[14121],"tags":[2,19532,3406,28377],"class_list":["post-100018","post","type-post","status-publish","format-standard","has-post-thumbnail","hentry","category-policial","tag-blog-do-edvaldo-magalhaes","tag-blog-mais-acessado-e-visualizado-de-caruaru-e-regiao","tag-caruaru","tag-suspeitos-de-participar-de-racha-sao-detidos-e-multados-em-quase-r-3-mil"],"_links":{"self":[{"href":"https:\/\/blogdoedvaldomagalhaes.com.br\/index.php\/wp-json\/wp\/v2\/posts\/100018","targetHints":{"allow":["GET"]}}],"collection":[{"href":"https:\/\/blogdoedvaldomagalhaes.com.br\/index.php\/wp-json\/wp\/v2\/posts"}],"about":[{"href":"https:\/\/blogdoedvaldomagalhaes.com.br\/index.php\/wp-json\/wp\/v2\/types\/post"}],"author":[{"embeddable":true,"href":"https:\/\/blogdoedvaldomagalhaes.com.br\/index.php\/wp-json\/wp\/v2\/users\/1"}],"replies":[{"embeddable":true,"href":"https:\/\/blogdoedvaldomagalhaes.com.br\/index.php\/wp-json\/wp\/v2\/comments?post=100018"}],"version-history":[{"count":1,"href":"https:\/\/blogdoedvaldomagalhaes.com.br\/index.php\/wp-json\/wp\/v2\/posts\/100018\/revisions"}],"predecessor-version":[{"id":100020,"href":"https:\/\/blogdoedvaldomagalhaes.com.br\/index.php\/wp-json\/wp\/v2\/posts\/100018\/revisions\/100020"}],"wp:featuredmedia":[{"embeddable":true,"href":"https:\/\/blogdoedvaldomagalhaes.com.br\/index.php\/wp-json\/wp\/v2\/media\/100019"}],"wp:attachment":[{"href":"https:\/\/blogdoedvaldomagalhaes.com.br\/index.php\/wp-json\/wp\/v2\/media?parent=100018"}],"wp:term":[{"taxonomy":"category","embeddable":true,"href":"https:\/\/blogdoedvaldomagalhaes.com.br\/index.php\/wp-json\/wp\/v2\/categories?post=100018"},{"taxonomy":"post_tag","embeddable":true,"href":"https:\/\/blogdoedvaldomagalhaes.com.br\/index.php\/wp-json\/wp\/v2\/tags?post=100018"}],"curies":[{"name":"wp","href":"https:\/\/api.w.org\/{rel}","templated":true}]}}