{"id":100014,"date":"2023-08-25T21:18:23","date_gmt":"2023-08-26T00:18:23","guid":{"rendered":"https:\/\/blogdoedvaldomagalhaes.com.br\/?p=100014"},"modified":"2023-08-25T21:22:55","modified_gmt":"2023-08-26T00:22:55","slug":"diogo-bezerra-vai-assumir-a-secretaria-de-mobilidade-e-infraestrutura-semobi-no-estado","status":"publish","type":"post","link":"https:\/\/blogdoedvaldomagalhaes.com.br\/index.php\/2023\/08\/25\/diogo-bezerra-vai-assumir-a-secretaria-de-mobilidade-e-infraestrutura-semobi-no-estado\/","title":{"rendered":"Diogo Bezerra vai  assumir a Secretaria de Mobilidade e Infraestrutura (Semobi) no Estado"},"content":{"rendered":"<p style=\"text-align: justify;\"><span style=\"font-size: revert; color: initial;\">O Governo do Estado informa que a Secretaria de Mobilidade e Infraestrutura (Semobi) ter\u00e1 novo titular. O economista e doutor em Engenharia de Produ\u00e7\u00e3o Diogo Bezerra, atual secret\u00e1rio de Projetos Estrat\u00e9gicos, assume a pasta em substitui\u00e7\u00e3o a Evandro Avelar.<\/span><\/p>\n<p style=\"text-align: justify;\">A governadora Raquel Lyra agradece a dedica\u00e7\u00e3o ao servi\u00e7o p\u00fablico do ex-secret\u00e1rio no cumprimento da miss\u00e3o acordada desde que assumiu o cargo.<\/p>\n<p style=\"text-align: justify;\">Os atos ser\u00e3o publicados no Di\u00e1rio Oficial deste s\u00e1bado, 26.<\/p>\n","protected":false},"excerpt":{"rendered":"<p>O Governo do Estado informa que a Secretaria de Mobilidade e Infraestrutura (Semobi) ter\u00e1 novo titular. O economista e doutor&hellip;<\/p>\n","protected":false},"author":1,"featured_media":100017,"comment_status":"closed","ping_status":"open","sticky":false,"template":"","format":"standard","meta":{"footnotes":""},"categories":[14122],"tags":[2,19532,3406,28375],"class_list":["post-100014","post","type-post","status-publish","format-standard","has-post-thumbnail","hentry","category-politica","tag-blog-do-edvaldo-magalhaes","tag-blog-mais-acessado-e-visualizado-de-caruaru-e-regiao","tag-caruaru","tag-diogo-bezerra-assume-a-secretaria-de-mobilidade-e-infraestrutura-semobi-no-estado"],"_links":{"self":[{"href":"https:\/\/blogdoedvaldomagalhaes.com.br\/index.php\/wp-json\/wp\/v2\/posts\/100014","targetHints":{"allow":["GET"]}}],"collection":[{"href":"https:\/\/blogdoedvaldomagalhaes.com.br\/index.php\/wp-json\/wp\/v2\/posts"}],"about":[{"href":"https:\/\/blogdoedvaldomagalhaes.com.br\/index.php\/wp-json\/wp\/v2\/types\/post"}],"author":[{"embeddable":true,"href":"https:\/\/blogdoedvaldomagalhaes.com.br\/index.php\/wp-json\/wp\/v2\/users\/1"}],"replies":[{"embeddable":true,"href":"https:\/\/blogdoedvaldomagalhaes.com.br\/index.php\/wp-json\/wp\/v2\/comments?post=100014"}],"version-history":[{"count":1,"href":"https:\/\/blogdoedvaldomagalhaes.com.br\/index.php\/wp-json\/wp\/v2\/posts\/100014\/revisions"}],"predecessor-version":[{"id":100016,"href":"https:\/\/blogdoedvaldomagalhaes.com.br\/index.php\/wp-json\/wp\/v2\/posts\/100014\/revisions\/100016"}],"wp:featuredmedia":[{"embeddable":true,"href":"https:\/\/blogdoedvaldomagalhaes.com.br\/index.php\/wp-json\/wp\/v2\/media\/100017"}],"wp:attachment":[{"href":"https:\/\/blogdoedvaldomagalhaes.com.br\/index.php\/wp-json\/wp\/v2\/media?parent=100014"}],"wp:term":[{"taxonomy":"category","embeddable":true,"href":"https:\/\/blogdoedvaldomagalhaes.com.br\/index.php\/wp-json\/wp\/v2\/categories?post=100014"},{"taxonomy":"post_tag","embeddable":true,"href":"https:\/\/blogdoedvaldomagalhaes.com.br\/index.php\/wp-json\/wp\/v2\/tags?post=100014"}],"curies":[{"name":"wp","href":"https:\/\/api.w.org\/{rel}","templated":true}]}}